{"id":7875,"date":"2025-08-24T12:10:16","date_gmt":"2025-08-24T12:10:16","guid":{"rendered":"https:\/\/dailynewsintime.net\/?p=7875"},"modified":"2025-08-24T12:10:16","modified_gmt":"2025-08-24T12:10:16","slug":"breaking-news-police-helicopter-shot-down","status":"publish","type":"post","link":"https:\/\/dailynewsintime.net\/index.php\/2025\/08\/24\/breaking-news-police-helicopter-shot-down\/","title":{"rendered":"BREAKING NEWS: Police Helicopter SHOT DOWN"},"content":{"rendered":"<p class=\"paragraph-elevate inline-placeholder vossi-paragraph\" data-uri=\"cms.cnn.com\/_components\/paragraph\/instances\/cmelu0u76008b2cnk5w7c828d@published\" data-editable=\"text\" data-component-name=\"paragraph\" data-article-gutter=\"true\">An attack on a Colombian National Police helicopter and a suspected car bombing near a military air base killed at least 19 people Thursday in what Colombian authorities are describing as terrorist acts.<\/p>\n<p class=\"paragraph-elevate inline-placeholder vossi-paragraph\" data-uri=\"cms.cnn.com\/_components\/paragraph\/instances\/cmelwa0eo0005356nvhskz3m7@published\" data-editable=\"text\" data-component-name=\"paragraph\" data-article-gutter=\"true\">It\u2019s unclear whether the events are related.<\/p>\n<p class=\"paragraph-elevate inline-placeholder vossi-paragraph\" data-uri=\"cms.cnn.com\/_components\/paragraph\/instances\/cmelu4auq000e356nqtyz7nio@published\" data-editable=\"text\" data-component-name=\"paragraph\" data-article-gutter=\"true\">The police helicopter was attacked by a drone in the department of Antioquia as it was supporting the manual eradication of illicit crops in the area, Antioquia Gov. Andr\u00e9s Juli\u00e1n Rend\u00f3n said.<\/p>\n<p class=\"paragraph-elevate inline-placeholder vossi-paragraph\" data-uri=\"cms.cnn.com\/_components\/paragraph\/instances\/cmelu0wrv0000356near9x5um@published\" data-editable=\"text\" data-component-name=\"paragraph\" data-article-gutter=\"true\">The governor posted a video that appears to show the helicopter crashing into a hill.<\/p>\n<p class=\"paragraph-elevate inline-placeholder vossi-paragraph\" data-uri=\"cms.cnn.com\/_components\/paragraph\/instances\/cmely4zbh000h356npvx3r8v5@published\" data-editable=\"text\" data-component-name=\"paragraph\" data-article-gutter=\"true\">Colombian Defense Minister Pedro Arnulfo S\u00e1nchez said the attack was carried out by the 36th Front of the Estado Mayor Central (EMC), dissidents of the former Revolutionary Armed Forces of Colombia (FARC), a disbanded leftist guerrilla group.<\/p>\n<p class=\"paragraph-elevate inline-placeholder vossi-paragraph\" data-uri=\"cms.cnn.com\/_components\/paragraph\/instances\/cmely3dbq000f356nd65mpjuy@published\" data-editable=\"text\" data-component-name=\"paragraph\" data-article-gutter=\"true\">At least 13 officers were killed, according to National Police Director Carlos Fernando Triana Beltr\u00e1n, who described the attack as a \u201cterrorist act.\u201d<\/p>\n<p class=\"paragraph-elevate inline-placeholder vossi-paragraph\" data-uri=\"cms.cnn.com\/_components\/paragraph\/instances\/cmeluisv9000n356n9hn7fp8b@published\" data-editable=\"text\" data-component-name=\"paragraph\" data-article-gutter=\"true\">Earlier, President Gustavo Petro suggested the powerful criminal syndicate Gulf Clan might be involved, noting the attack came after the seizure of 1.5 tons of cocaine in the Urab\u00e1 region of Antioquia. But he later blamed the 36th Front of EMC.<\/p>\n<p class=\"paragraph-elevate inline-placeholder vossi-paragraph\" data-uri=\"cms.cnn.com\/_components\/paragraph\/instances\/cmen1m5ht0000356nx9whtrjm@published\" data-editable=\"text\" data-component-name=\"paragraph\" data-article-gutter=\"true\">On Friday, the military said it was firing artillery to try to neutralize the group that brought down the helicopter.<\/p>\n<p class=\"paragraph-elevate inline-placeholder vossi-paragraph\" data-uri=\"cms.cnn.com\/_components\/paragraph\/instances\/cmelxrape000c356n70svfmyg@published\" data-editable=\"text\" data-component-name=\"paragraph\" data-article-gutter=\"true\">News of the helicopter attack came the same day as an explosion near the Marco Fidel Su\u00e1rez military air base in Cali.<\/p>\n<p class=\"paragraph-elevate inline-placeholder vossi-paragraph\" data-uri=\"cms.cnn.com\/_components\/paragraph\/instances\/cmelyelky000v356nstpz0b6i@published\" data-editable=\"text\" data-component-name=\"paragraph\" data-article-gutter=\"true\">The blast left at least six people dead and 78 wounded, the mayor\u2019s office said.<\/p>\n<p class=\"paragraph-elevate inline-placeholder vossi-paragraph\" data-uri=\"cms.cnn.com\/_components\/paragraph\/instances\/cmelyh9j1000y356nxlisa3z8@published\" data-editable=\"text\" data-component-name=\"paragraph\" data-article-gutter=\"true\">The Colombian Aerospace Force described it as a \u201cterrorist attack,\u201d saying it was perpetrated with a car bomb.<\/p>\n<p class=\"paragraph-elevate inline-placeholder vossi-paragraph\" data-uri=\"cms.cnn.com\/_components\/paragraph\/instances\/cmelyptvr001a356ntljcywnv@published\" data-editable=\"text\" data-component-name=\"paragraph\" data-article-gutter=\"true\">Authorities have secured the city\u2019s entrances and exits, the mayor\u2019s office said, and temporarily restricted the movement of trucks.<\/p>\n<p class=\"paragraph-elevate inline-placeholder vossi-paragraph\" data-uri=\"cms.cnn.com\/_components\/paragraph\/instances\/cmelyk2w90011356niykis4rk@published\" data-editable=\"text\" data-component-name=\"paragraph\" data-article-gutter=\"true\">Mayor Alejandro Eder said emergency services were treating the injured. He announced a reward of 400 million pesos (just under $100,000) for anyone providing information about the attack.<\/p>\n<p class=\"paragraph-elevate inline-placeholder vossi-paragraph\" data-uri=\"cms.cnn.com\/_components\/paragraph\/instances\/cmelzhgat0000356n4nw38ba8@published\" data-editable=\"text\" data-component-name=\"paragraph\" data-article-gutter=\"true\">So far, no one has claimed responsibility for the explosion.<\/p>\n<p class=\"paragraph-elevate inline-placeholder vossi-paragraph\" data-uri=\"cms.cnn.com\/_components\/paragraph\/instances\/cmelzhj8y0002356npbhyatfv@published\" data-editable=\"text\" data-component-name=\"paragraph\" data-article-gutter=\"true\">In June, a\u00a0series of attacks\u00a0in Cali and other towns in Cauca left at least seven dead and 28 injured. At the time, the prosecutor\u2019s office said the attacks were in response to the 2022 death of a local leader of the FARC dissidents.<\/p>\n","protected":false},"excerpt":{"rendered":"<p>An attack on a Colombian National Police helicopter and a suspected car bombing near a military air base killed at least 19 people Thursday in what Colombian authorities are describing as terrorist acts. It\u2019s unclear whether the events are related. The police helicopter was attacked by a drone in the department of Antioquia as it [&hellip;]<\/p>\n","protected":false},"author":1,"featured_media":7876,"comment_status":"closed","ping_status":"open","sticky":false,"template":"","format":"standard","meta":{"_monsterinsights_skip_tracking":false,"_monsterinsights_sitenote_active":false,"_monsterinsights_sitenote_note":"","_monsterinsights_sitenote_category":0,"footnotes":""},"categories":[3],"tags":[],"class_list":{"0":"post-7875","1":"post","2":"type-post","3":"status-publish","4":"format-standard","5":"has-post-thumbnail","7":"category-daily-news"},"_links":{"self":[{"href":"https:\/\/dailynewsintime.net\/index.php\/wp-json\/wp\/v2\/posts\/7875"}],"collection":[{"href":"https:\/\/dailynewsintime.net\/index.php\/wp-json\/wp\/v2\/posts"}],"about":[{"href":"https:\/\/dailynewsintime.net\/index.php\/wp-json\/wp\/v2\/types\/post"}],"author":[{"embeddable":true,"href":"https:\/\/dailynewsintime.net\/index.php\/wp-json\/wp\/v2\/users\/1"}],"replies":[{"embeddable":true,"href":"https:\/\/dailynewsintime.net\/index.php\/wp-json\/wp\/v2\/comments?post=7875"}],"version-history":[{"count":1,"href":"https:\/\/dailynewsintime.net\/index.php\/wp-json\/wp\/v2\/posts\/7875\/revisions"}],"predecessor-version":[{"id":7877,"href":"https:\/\/dailynewsintime.net\/index.php\/wp-json\/wp\/v2\/posts\/7875\/revisions\/7877"}],"wp:featuredmedia":[{"embeddable":true,"href":"https:\/\/dailynewsintime.net\/index.php\/wp-json\/wp\/v2\/media\/7876"}],"wp:attachment":[{"href":"https:\/\/dailynewsintime.net\/index.php\/wp-json\/wp\/v2\/media?parent=7875"}],"wp:term":[{"taxonomy":"category","embeddable":true,"href":"https:\/\/dailynewsintime.net\/index.php\/wp-json\/wp\/v2\/categories?post=7875"},{"taxonomy":"post_tag","embeddable":true,"href":"https:\/\/dailynewsintime.net\/index.php\/wp-json\/wp\/v2\/tags?post=7875"}],"curies":[{"name":"wp","href":"https:\/\/api.w.org\/{rel}","templated":true}]}}